{"id":20,"date":"1981-02-15T22:55:00","date_gmt":"1981-02-15T22:55:00","guid":{"rendered":"https:\/\/josenascimento.com\/documentarios\/?p=20"},"modified":"2023-02-18T12:14:04","modified_gmt":"2023-02-18T12:14:04","slug":"manoel-de-oliveira-50-anos-de-carreira","status":"publish","type":"post","link":"https:\/\/josenascimento.com\/documentarios\/1981\/02\/15\/manoel-de-oliveira-50-anos-de-carreira\/","title":{"rendered":"Manoel de Oliveira: 50 Anos de Carreira"},"content":{"rendered":"<div class=\"csRow\">\n<div class=\"csColumn\" style=\"margin: 0px; padding: 0px; float: left; width: 31.3%;\" data-csstartpoint=\"0\" data-csendpoint=\"300\" data-cswidth=\"31.3%\" data-csid=\"bc8e286a-7a26-5980-9cfc-7969696a9313\"><a href=\"http:\/\/josenascimento.com\/filmes\/wp-content\/uploads\/sites\/6\/2013\/06\/ecran.png\"><img loading=\"lazy\" decoding=\"async\" class=\"size-full wp-image-306 alignnone\" src=\"http:\/\/josenascimento.com\/filmes\/wp-content\/uploads\/sites\/6\/2013\/06\/ecran.png\" alt=\"ecran\" width=\"250\" height=\"186\"><\/a><\/div>\n<div class=\"csColumnGap\" style=\"margin: 0px; padding: 0px; float: left; width: 5.21%;\"><img decoding=\"async\" style=\"border: none;\" src=\"http:\/\/josenascimento.com\/filmes\/wp-content\/plugins\/advanced-wp-columns\/assets\/js\/plugins\/views\/img\/1x1-pixel.png\" alt=\"\"><\/div>\n<div class=\"csColumnGap\" style=\"margin: 0px; padding: 0px; float: left; width: 1.35%;\"><img decoding=\"async\" style=\"border: none;\" src=\"http:\/\/josenascimento.com\/filmes\/wp-content\/plugins\/advanced-wp-columns\/assets\/js\/plugins\/views\/img\/1x1-pixel.png\" alt=\"\"><\/div>\n<div style=\"clear: both; float: none; display: block; visibility: hidden; width: 0px; font-size: 0px; line-height: 0;\"><\/div>\n<\/div>\n<p>O document\u00e1rio de Augusto M. Seabra e Jos\u00e9 Nascimento sobre a comemora\u00e7\u00e3o dos 50 anos de actividade cinematogr\u00e1fica&nbsp;de Manoel de Oliveira, foi um dos programas de refer\u00eancia do <strong>Magazine de Cinema ECRAN | RTP 1981<\/strong><\/p>\n<p><strong>Manoel de Oliveira: 50 Anos de Carreira<\/strong><br \/>\nDE AUGUSTO M. SEABRA E JOS\u00c9 NASCIMENTO<\/p>\n<p>Riscos 24 Out, 19h, Culturgest \u2013 Grande Audit\u00f3rio<\/p>\n<p>Em 1981 passavam 50 anos da estreia de Douro, Faina Fluvial e a efem\u00e9ride justificou este filme feito para RTP. Augusto M. Seabra, cr\u00edtico, e Jos\u00e9 Nascimento, realizador, chamaram a si a autoria de um dos primeiros objectos concebidos em torno do cinema de Oliveira. Que vivia um momento alto em termos de reconhecimento nacional e internacional. Amor de Perdi\u00e7\u00e3o, em 1978, fora t\u00e3o pol\u00e9mico em Portugal como aclamado no estrangeiro, e marcou o in\u00edcio da aten\u00e7\u00e3o da cr\u00edtica internacional ao trabalho do realizador; Francisca, estreado em 1981, seria um inopinado sucesso em Portugal. Era tamb\u00e9m por esta altura que Oliveira, 73 anos, preparava o seu filme p\u00f3stumo, Visita ou Mem\u00f3rias e Confiss\u00f5es, que s\u00f3 seria divulgado mais de tr\u00eas d\u00e9cadas depois. \u00c9 claro que ningu\u00e9m previa a longevidade de Oliveira, muito menos o facto de em 1981 a maior parte da sua obra estar ainda por fazer (s\u00f3 a partir desta altura \u00e9 que entrou naquele inacredit\u00e1vel ritmo das \u00faltimas d\u00e9cadas). Mas nem isso obsta \u00e0 validade deste filme. Vive de documentos preciosos, os depoimentos de colaboradores (da c\u00famplice Agustina \u00e0 actriz Lia Gama, passando pelo operador Manuel Costa e Silva) e os depoimentos de observadores atentos (Alberto Seixas Santos, Henrique Alves Costa, B\u00e9nard da Costa). E do pr\u00f3prio, no m\u00e1ximo da sua energia mordaz, quer no que diz sobre os tempos passados, quer no que comenta sobre os aspectos mais essenciais do seu cinema. Acaba a repetir um dos seus credos \u2013 \u201co cinema n\u00e3o existe, s\u00f3 existe o teatro\u201d, e o teatro \u00e9 tudo o que o cinema pode filmar.<br \/>\n<strong>Lu\u00eds Miguel Oliveira<\/strong><\/p>\n","protected":false},"excerpt":{"rendered":"<p>O document\u00e1rio de Augusto M. Seabra e Jos\u00e9 Nascimento sobre a comemora\u00e7\u00e3o dos 50 anos de actividade cinematogr\u00e1fica&nbsp;de Manoel de Oliveira, foi um dos programas de refer\u00eancia do Magazine de [&hellip;]<\/p>\n","protected":false},"author":1,"featured_media":22,"comment_status":"closed","ping_status":"closed","sticky":false,"template":"","format":"standard","meta":{"footnotes":""},"categories":[4],"tags":[],"class_list":["post-20","post","type-post","status-publish","format-standard","has-post-thumbnail","hentry","category-documentarios"],"_links":{"self":[{"href":"https:\/\/josenascimento.com\/documentarios\/wp-json\/wp\/v2\/posts\/20","targetHints":{"allow":["GET"]}}],"collection":[{"href":"https:\/\/josenascimento.com\/documentarios\/wp-json\/wp\/v2\/posts"}],"about":[{"href":"https:\/\/josenascimento.com\/documentarios\/wp-json\/wp\/v2\/types\/post"}],"author":[{"embeddable":true,"href":"https:\/\/josenascimento.com\/documentarios\/wp-json\/wp\/v2\/users\/1"}],"replies":[{"embeddable":true,"href":"https:\/\/josenascimento.com\/documentarios\/wp-json\/wp\/v2\/comments?post=20"}],"version-history":[{"count":3,"href":"https:\/\/josenascimento.com\/documentarios\/wp-json\/wp\/v2\/posts\/20\/revisions"}],"predecessor-version":[{"id":43,"href":"https:\/\/josenascimento.com\/documentarios\/wp-json\/wp\/v2\/posts\/20\/revisions\/43"}],"wp:featuredmedia":[{"embeddable":true,"href":"https:\/\/josenascimento.com\/documentarios\/wp-json\/wp\/v2\/media\/22"}],"wp:attachment":[{"href":"https:\/\/josenascimento.com\/documentarios\/wp-json\/wp\/v2\/media?parent=20"}],"wp:term":[{"taxonomy":"category","embeddable":true,"href":"https:\/\/josenascimento.com\/documentarios\/wp-json\/wp\/v2\/categories?post=20"},{"taxonomy":"post_tag","embeddable":true,"href":"https:\/\/josenascimento.com\/documentarios\/wp-json\/wp\/v2\/tags?post=20"}],"curies":[{"name":"wp","href":"https:\/\/api.w.org\/{rel}","templated":true}]}}