{"id":46,"date":"2017-02-17T20:01:00","date_gmt":"2017-02-17T20:01:00","guid":{"rendered":"https:\/\/josenascimento.com\/documentarios\/?p=46"},"modified":"2023-03-01T21:41:44","modified_gmt":"2023-03-01T21:41:44","slug":"silencios-do-olhar","status":"publish","type":"post","link":"https:\/\/josenascimento.com\/documentarios\/2017\/02\/17\/silencios-do-olhar\/","title":{"rendered":"SIL\u00caNCIOS DO OLHAR"},"content":{"rendered":"\n<p>Homenagem p\u00f3stuma \u00e0 vida e obra de Jos\u00e9 \u00c1lvaro Morais e ao &#8220;rasto luminoso&#8221; de inova\u00e7\u00e3o e procura exaustiva do cinema como forma de arte, que deixou no cinema portugu\u00eas.<br>\u00a0<br><a href=\"https:\/\/www.filmin.pt\/filme\/silencios-do-olhar\">Ver filme na FILMIN\u00a0online<\/a><br>\u00a0<br>Imagem e Realiza\u00e7\u00e3o &#8211; Jos\u00e9 Nascimento<br>Som Ant\u00f3nio &#8211; C\u00e2mara<br>P\u00f3s Produ\u00e7\u00e3o de Imagem &#8211; Ana Pissarra<br>P\u00f3s Produ\u00e7\u00e3o de Som &#8211; Flak<br>PRODU\u00c7\u00c3O &#8211; DUPLACENA 2017<\/p>\n\n\n\n<p>Portugal &#8211;  104&#8242; &#8211; 2K Cor<\/p>\n\n\n\n<div style=\"height:74px\" aria-hidden=\"true\" class=\"wp-block-spacer\"><\/div>\n\n\n\n<p>EXPRESSO \/ REVISTA E \u2013 25 de NOVEMBRO de 2017<\/p>\n\n\n\n<p>SIL\u00caNCIOS DO OLHAR de Jos\u00e9 Nascimento (Portugal)<\/p>\n\n\n\n<p>Document\u00e1rio<\/p>\n\n\n\n<p>Jos\u00e9 \u00c1lvaro Morais foi um realizador portugu\u00eas que construiu uma obra, a um tempo fascinante, enigm\u00e1tica, pontualmente secreta e, em simult\u00e2neo, de uma exuber\u00e2ncia surpreendente, fazendo conjuga\u00e7\u00f5es entre poesia e hedonismo, sangue e sexo, o cinema-espect\u00e1culo e o cinema cadinho de coisas indiz\u00edveis. Morreu em 2004, demasiado novo (60 anos) deixando uma filmografia breve (apenas tr\u00eas longas-metragens de fic\u00e7\u00e3o e outros tantos t\u00edtulos de diversa textura) que quase se perde no horizonte que outros vultos mais grados dominam. Mas toda a gente que se aproximou intimamente do cinema portugu\u00eas no \u00faltimo meio s\u00e9culo sabe que o lugar que ele ocupa \u00e9 essencial e inamovivel. E todos os que o conheceram de perto n\u00e3o esquecem o galhardo pr\u00edncipe que era. N\u00e3o o esqueceu Jos\u00e9 Nascimento, seu companheiro de gera\u00e7\u00e3o cuja voz, um dia, foi a do Z\u00e9 \u00c1lvaro na breve apari\u00e7\u00e3o que faz em \u201cO Bobo\u201d e que agora volta a dar-lhe voz na ousada primeira pessoa em que \u201cSil\u00eancios do Olhar\u201d acontece. O realizador foi a v\u00e1rias entrevistas, fez uma h\u00e1bil montagem de fragmentos e construiu uma narrativa bio-filmogr\u00e1fica que quase parece confessional. Foi ainda ouvir alguns c\u00famplices dos filmes de Morais, atores sobretudo, recolher documentos de \u00e9poca, mas o melhor deste document\u00e1rio de Jos\u00e9 Nascimento \u00e9 a forma como texto, documentos e depoimentos se interligam com as sequ\u00eancias dos filmes e a beleza quase de rompante que irradiam. Faz vontade de os tornar a ver &#8211; e isso \u00e9 o melhor que um filme sobre um cineasta pode almejar. J.LR.<\/p>\n\n\n\n<p class=\"has-text-align-center\">&nbsp;<\/p>\n","protected":false},"excerpt":{"rendered":"<p>Homenagem p\u00f3stuma \u00e0 vida e obra de Jos\u00e9 \u00c1lvaro Morais e ao &#8220;rasto luminoso&#8221; de inova\u00e7\u00e3o e procura exaustiva do cinema como forma de arte, que deixou no cinema portugu\u00eas.\u00a0Ver [&hellip;]<\/p>\n","protected":false},"author":1,"featured_media":48,"comment_status":"closed","ping_status":"closed","sticky":false,"template":"","format":"standard","meta":{"footnotes":""},"categories":[4],"tags":[],"class_list":["post-46","post","type-post","status-publish","format-standard","has-post-thumbnail","hentry","category-documentarios"],"_links":{"self":[{"href":"https:\/\/josenascimento.com\/documentarios\/wp-json\/wp\/v2\/posts\/46","targetHints":{"allow":["GET"]}}],"collection":[{"href":"https:\/\/josenascimento.com\/documentarios\/wp-json\/wp\/v2\/posts"}],"about":[{"href":"https:\/\/josenascimento.com\/documentarios\/wp-json\/wp\/v2\/types\/post"}],"author":[{"embeddable":true,"href":"https:\/\/josenascimento.com\/documentarios\/wp-json\/wp\/v2\/users\/1"}],"replies":[{"embeddable":true,"href":"https:\/\/josenascimento.com\/documentarios\/wp-json\/wp\/v2\/comments?post=46"}],"version-history":[{"count":6,"href":"https:\/\/josenascimento.com\/documentarios\/wp-json\/wp\/v2\/posts\/46\/revisions"}],"predecessor-version":[{"id":149,"href":"https:\/\/josenascimento.com\/documentarios\/wp-json\/wp\/v2\/posts\/46\/revisions\/149"}],"wp:featuredmedia":[{"embeddable":true,"href":"https:\/\/josenascimento.com\/documentarios\/wp-json\/wp\/v2\/media\/48"}],"wp:attachment":[{"href":"https:\/\/josenascimento.com\/documentarios\/wp-json\/wp\/v2\/media?parent=46"}],"wp:term":[{"taxonomy":"category","embeddable":true,"href":"https:\/\/josenascimento.com\/documentarios\/wp-json\/wp\/v2\/categories?post=46"},{"taxonomy":"post_tag","embeddable":true,"href":"https:\/\/josenascimento.com\/documentarios\/wp-json\/wp\/v2\/tags?post=46"}],"curies":[{"name":"wp","href":"https:\/\/api.w.org\/{rel}","templated":true}]}}