{"id":6,"date":"2023-02-16T22:58:00","date_gmt":"2023-02-16T22:58:00","guid":{"rendered":"https:\/\/josenascimento.com\/documentarios\/?p=6"},"modified":"2024-09-26T17:06:26","modified_gmt":"2024-09-26T17:06:26","slug":"brisa-solar","status":"publish","type":"post","link":"https:\/\/josenascimento.com\/documentarios\/2023\/02\/16\/brisa-solar\/","title":{"rendered":"BRISA SOLAR"},"content":{"rendered":"\n<div style=\"height:30px\" aria-hidden=\"true\" class=\"wp-block-spacer\"><\/div>\n\n\n\n<figure class=\"wp-block-image size-large-\"><img loading=\"lazy\" decoding=\"async\" width=\"691\" height=\"1024\" src=\"https:\/\/josenascimento.com\/documentarios\/wp-content\/uploads\/sites\/29\/2023\/03\/BrisaMachava-copy-691x1024.jpg\" alt=\"\" class=\"wp-image-155\" srcset=\"https:\/\/josenascimento.com\/documentarios\/wp-content\/uploads\/sites\/29\/2023\/03\/BrisaMachava-copy-691x1024.jpg 691w, https:\/\/josenascimento.com\/documentarios\/wp-content\/uploads\/sites\/29\/2023\/03\/BrisaMachava-copy-203x300.jpg 203w, https:\/\/josenascimento.com\/documentarios\/wp-content\/uploads\/sites\/29\/2023\/03\/BrisaMachava-copy-768x1138.jpg 768w, https:\/\/josenascimento.com\/documentarios\/wp-content\/uploads\/sites\/29\/2023\/03\/BrisaMachava-copy-1037x1536.jpg 1037w, https:\/\/josenascimento.com\/documentarios\/wp-content\/uploads\/sites\/29\/2023\/03\/BrisaMachava-copy.jpg 1296w\" sizes=\"auto, (max-width: 691px) 100vw, 691px\" \/><\/figure>\n\n\n\n<h3 class=\"wp-block-heading\">Um filme de Ana Pissarra e Jos\u00e9 Nascimento <\/h3>\n\n\n\n<h3 class=\"wp-block-heading\">PORTUGAL 2020 &#8211; 76&#8242;<\/h3>\n\n\n\n<div style=\"height:46px\" aria-hidden=\"true\" class=\"wp-block-spacer\"><\/div>\n\n\n\n<h3 class=\"wp-block-heading\">Mo\u00e7ambique, 1974 <\/h3>\n\n\n\n<h3 class=\"wp-block-heading\">O nome europeu da capital Louren\u00e7o Marques foi apagado e substitu\u00eddo por Maputo. Depois da Revolu\u00e7\u00e3o dos Cravos em Portugal, a cidade mo\u00e7ambicana \u201cpassou para a m\u00e3o do povo\u201d e os novos habitantes, que tomaram a cidade dos brancos, levaram para a cidade uma cultura rural. <\/h3>\n\n\n\n<h3 class=\"wp-block-heading\">Entre a delicadeza e o apocal\u00edptico, \u201cBrisa Solar\u201d revela os pequenos segredos de uma cidade africana que nasceu de um sonho modernista, que protagonizou uma revolu\u00e7\u00e3o e que v\u00ea hoje o seu valor patrimonial e cultural amea\u00e7ado pelo capitalismo chin\u00eas.<\/h3>\n","protected":false},"excerpt":{"rendered":"<p>Um filme de Ana Pissarra e Jos\u00e9 Nascimento PORTUGAL 2020 &#8211; 76&#8242; Mo\u00e7ambique, 1974 O nome europeu da capital Louren\u00e7o Marques foi apagado e substitu\u00eddo por Maputo. Depois da Revolu\u00e7\u00e3o [&hellip;]<\/p>\n","protected":false},"author":1,"featured_media":160,"comment_status":"closed","ping_status":"closed","sticky":false,"template":"","format":"standard","meta":{"footnotes":""},"categories":[4],"tags":[],"class_list":["post-6","post","type-post","status-publish","format-standard","has-post-thumbnail","hentry","category-documentarios"],"_links":{"self":[{"href":"https:\/\/josenascimento.com\/documentarios\/wp-json\/wp\/v2\/posts\/6","targetHints":{"allow":["GET"]}}],"collection":[{"href":"https:\/\/josenascimento.com\/documentarios\/wp-json\/wp\/v2\/posts"}],"about":[{"href":"https:\/\/josenascimento.com\/documentarios\/wp-json\/wp\/v2\/types\/post"}],"author":[{"embeddable":true,"href":"https:\/\/josenascimento.com\/documentarios\/wp-json\/wp\/v2\/users\/1"}],"replies":[{"embeddable":true,"href":"https:\/\/josenascimento.com\/documentarios\/wp-json\/wp\/v2\/comments?post=6"}],"version-history":[{"count":7,"href":"https:\/\/josenascimento.com\/documentarios\/wp-json\/wp\/v2\/posts\/6\/revisions"}],"predecessor-version":[{"id":183,"href":"https:\/\/josenascimento.com\/documentarios\/wp-json\/wp\/v2\/posts\/6\/revisions\/183"}],"wp:featuredmedia":[{"embeddable":true,"href":"https:\/\/josenascimento.com\/documentarios\/wp-json\/wp\/v2\/media\/160"}],"wp:attachment":[{"href":"https:\/\/josenascimento.com\/documentarios\/wp-json\/wp\/v2\/media?parent=6"}],"wp:term":[{"taxonomy":"category","embeddable":true,"href":"https:\/\/josenascimento.com\/documentarios\/wp-json\/wp\/v2\/categories?post=6"},{"taxonomy":"post_tag","embeddable":true,"href":"https:\/\/josenascimento.com\/documentarios\/wp-json\/wp\/v2\/tags?post=6"}],"curies":[{"name":"wp","href":"https:\/\/api.w.org\/{rel}","templated":true}]}}