{"id":233,"date":"1974-02-20T01:35:00","date_gmt":"1974-02-20T01:35:00","guid":{"rendered":"https:\/\/josenascimento.com\/tv\/?p=233"},"modified":"2023-02-21T14:17:44","modified_gmt":"2023-02-21T14:17:44","slug":"a-mao-dada","status":"publish","type":"post","link":"https:\/\/josenascimento.com\/tv\/1974\/02\/20\/a-mao-dada\/","title":{"rendered":"A M\u00c3O DADA"},"content":{"rendered":"\n<p>RTP . Cinequipa . 1975<\/p>\n\n\n\n<figure class=\"wp-block-image size-large\"><a href=\"https:\/\/arquivos.rtp.pt\/conteudos\/a-mao-dada\/\"><img decoding=\"async\" src=\"https:\/\/josenascimento.com\/documentarios\/wp-content\/uploads\/sites\/29\/2023\/02\/Screenshot-2023-02-20-at-01.30.20-1024x520.png\" alt=\"\" class=\"wp-image-141\"\/><\/a><\/figure>\n\n\n\n<p>Programa sobre as m\u00e3os no desempenho de tarefas quotidianas, no trabalho, nos gestos autom\u00e1ticos e na arte.<\/p>\n\n\n\n<p>Textos  ALFACE Realiza\u00e7\u00e3o JOS\u00c9 NASCIMENTO<\/p>\n\n\n\n<blockquote class=\"wp-block-quote is-layout-flow wp-block-quote-is-layout-flow\">\n<p><strong>Nome do Programa:<\/strong> A M\u00e3o Dada<\/p>\n\n\n\n<p><strong>Nome da s\u00e9rie:<\/strong> Ver e Pensar<\/p>\n\n\n\n<p><strong>Locais:<\/strong> Lisboa<\/p>\n\n\n\n<p><strong>Temas:<\/strong> Sociedade<\/p>\n\n\n\n<p><strong>Canal:<\/strong> RTP 1<\/p>\n\n\n\n<p><strong>Men\u00e7\u00f5es de responsabilidade:<\/strong>Locu\u00e7\u00e3o: C\u00e2ndido Mota. Realizador: Cinequipa.<\/p>\n\n\n\n<p><strong>Tipo de conte\u00fado:<\/strong>Programa<\/p>\n\n\n\n<p><strong>Cor:<\/strong>Preto e Branco<\/p>\n\n\n\n<p><strong>Som:<\/strong>Mono<\/p>\n\n\n\n<p><strong>Rela\u00e7\u00e3o do aspeto:<\/strong>4:3<\/p>\n<\/blockquote>\n","protected":false},"excerpt":{"rendered":"<p>RTP . Cinequipa . 1975 Programa sobre as m\u00e3os no desempenho de tarefas quotidianas, no trabalho, nos gestos autom\u00e1ticos e na arte. Textos ALFACE Realiza\u00e7\u00e3o JOS\u00c9 NASCIMENTO Nome do Programa: [&hellip;]<\/p>\n","protected":false},"author":1,"featured_media":0,"comment_status":"closed","ping_status":"closed","sticky":false,"template":"","format":"standard","meta":{"footnotes":""},"categories":[9,7],"tags":[],"class_list":["post-233","post","type-post","status-publish","format-standard","hentry","category-cinequipa","category-ver-e-pensar"],"_links":{"self":[{"href":"https:\/\/josenascimento.com\/tv\/wp-json\/wp\/v2\/posts\/233","targetHints":{"allow":["GET"]}}],"collection":[{"href":"https:\/\/josenascimento.com\/tv\/wp-json\/wp\/v2\/posts"}],"about":[{"href":"https:\/\/josenascimento.com\/tv\/wp-json\/wp\/v2\/types\/post"}],"author":[{"embeddable":true,"href":"https:\/\/josenascimento.com\/tv\/wp-json\/wp\/v2\/users\/1"}],"replies":[{"embeddable":true,"href":"https:\/\/josenascimento.com\/tv\/wp-json\/wp\/v2\/comments?post=233"}],"version-history":[{"count":2,"href":"https:\/\/josenascimento.com\/tv\/wp-json\/wp\/v2\/posts\/233\/revisions"}],"predecessor-version":[{"id":236,"href":"https:\/\/josenascimento.com\/tv\/wp-json\/wp\/v2\/posts\/233\/revisions\/236"}],"wp:attachment":[{"href":"https:\/\/josenascimento.com\/tv\/wp-json\/wp\/v2\/media?parent=233"}],"wp:term":[{"taxonomy":"category","embeddable":true,"href":"https:\/\/josenascimento.com\/tv\/wp-json\/wp\/v2\/categories?post=233"},{"taxonomy":"post_tag","embeddable":true,"href":"https:\/\/josenascimento.com\/tv\/wp-json\/wp\/v2\/tags?post=233"}],"curies":[{"name":"wp","href":"https:\/\/api.w.org\/{rel}","templated":true}]}}