{"id":272,"date":"2023-02-21T13:38:05","date_gmt":"2023-02-21T13:38:05","guid":{"rendered":"https:\/\/josenascimento.com\/tv\/?p=272"},"modified":"2023-02-21T13:38:25","modified_gmt":"2023-02-21T13:38:25","slug":"a-falar-e-que-a-gente-se","status":"publish","type":"post","link":"https:\/\/josenascimento.com\/tv\/2023\/02\/21\/a-falar-e-que-a-gente-se\/","title":{"rendered":"A FALAR \u00c9 QUE A GENTE SE&#8230;"},"content":{"rendered":"\n<figure class=\"wp-block-embed is-type-rich is-provider-embed-handler wp-block-embed-embed-handler wp-embed-aspect-4-3 wp-has-aspect-ratio\"><div class=\"wp-block-embed__wrapper\">\n<iframe loading=\"lazy\" title=\"Programa da RTP &quot;Ver e Sentir&quot;, realizado em 1975 em Moimenta da Beira\" width=\"970\" height=\"728\" src=\"https:\/\/www.youtube.com\/embed\/YdC5v9lgaBw?feature=oembed\" frameborder=\"0\" allow=\"accelerometer; autoplay; clipboard-write; encrypted-media; gyroscope; picture-in-picture; web-share\" allowfullscreen><\/iframe>\n<\/div><\/figure>\n\n\n\n<h3 class=\"wp-block-heading\">&#8220;Ver e Pensar&#8221;  CINEQUIPA \/ RTP &#8211; 1975<\/h3>\n\n\n\n<h3 class=\"wp-block-heading\">Moimenta da Beira<\/h3>\n\n\n\n<p><strong>Coordena\u00e7\u00e3o<\/strong> Augusto Carvalho<br><strong>Realiza\u00e7\u00e3o<\/strong> Jos\u00e9 Nascimento <br><strong>Texto <\/strong><a href=\"https:\/\/josenascimento.com\/filmes\/alface\/\" target=\"_blank\" rel=\"noreferrer noopener\">Alface<\/a><br><strong>Imagem<\/strong> Jos\u00e9 Lu\u00eds Carvalhosa<br><strong>Som<\/strong> Carlos Alberto Lopes<\/p>\n\n\n\n<p><\/p>\n","protected":false},"excerpt":{"rendered":"<p>&#8220;Ver e Pensar&#8221; CINEQUIPA \/ RTP &#8211; 1975 Moimenta da Beira Coordena\u00e7\u00e3o Augusto CarvalhoRealiza\u00e7\u00e3o Jos\u00e9 Nascimento Texto AlfaceImagem Jos\u00e9 Lu\u00eds CarvalhosaSom Carlos Alberto Lopes<\/p>\n","protected":false},"author":1,"featured_media":0,"comment_status":"closed","ping_status":"closed","sticky":false,"template":"","format":"standard","meta":{"footnotes":""},"categories":[9,7],"tags":[],"class_list":["post-272","post","type-post","status-publish","format-standard","hentry","category-cinequipa","category-ver-e-pensar"],"_links":{"self":[{"href":"https:\/\/josenascimento.com\/tv\/wp-json\/wp\/v2\/posts\/272","targetHints":{"allow":["GET"]}}],"collection":[{"href":"https:\/\/josenascimento.com\/tv\/wp-json\/wp\/v2\/posts"}],"about":[{"href":"https:\/\/josenascimento.com\/tv\/wp-json\/wp\/v2\/types\/post"}],"author":[{"embeddable":true,"href":"https:\/\/josenascimento.com\/tv\/wp-json\/wp\/v2\/users\/1"}],"replies":[{"embeddable":true,"href":"https:\/\/josenascimento.com\/tv\/wp-json\/wp\/v2\/comments?post=272"}],"version-history":[{"count":1,"href":"https:\/\/josenascimento.com\/tv\/wp-json\/wp\/v2\/posts\/272\/revisions"}],"predecessor-version":[{"id":273,"href":"https:\/\/josenascimento.com\/tv\/wp-json\/wp\/v2\/posts\/272\/revisions\/273"}],"wp:attachment":[{"href":"https:\/\/josenascimento.com\/tv\/wp-json\/wp\/v2\/media?parent=272"}],"wp:term":[{"taxonomy":"category","embeddable":true,"href":"https:\/\/josenascimento.com\/tv\/wp-json\/wp\/v2\/categories?post=272"},{"taxonomy":"post_tag","embeddable":true,"href":"https:\/\/josenascimento.com\/tv\/wp-json\/wp\/v2\/tags?post=272"}],"curies":[{"name":"wp","href":"https:\/\/api.w.org\/{rel}","templated":true}]}}